{"id":19715,"date":"2024-08-06T11:59:23","date_gmt":"2024-08-06T09:59:23","guid":{"rendered":"https:\/\/interamericancoffee.de\/peru-cepro-yanesha\/"},"modified":"2025-03-12T11:31:49","modified_gmt":"2025-03-12T10:31:49","slug":"peru-cepro-yanesha","status":"publish","type":"post","link":"https:\/\/interamericancoffee.de\/de\/peru-cepro-yanesha\/","title":{"rendered":"Peru &#8211; Cepro Yanesha"},"content":{"rendered":"<p>Die CEPRO Yanesha Coffee Cooperative (CAC CEPRO Yanesha) wurde am 30. Januar 2016 gegr\u00fcndet, nachdem sie mehr als f\u00fcnf Jahre lang als Vereinigung zweiten Grades gearbeitet hatte. Ihre 150 Mitglieder stammen aus sieben Yanesha-D\u00f6rfern in der Provinz Oxapampa im zentralen Dschungel von Peru. Die Kooperative hat 141 Kaffeepartner, darunter 98 m\u00e4nnliche Mitglieder und 43 weibliche Partner.<\/p>\n<p>&nbsp;<\/p>\n<p><img decoding=\"async\" class=\"alignnone size-full wp-image-15399\" src=\"https:\/\/interamericancoffee.de\/wp-content\/uploads\/2024\/08\/logo.jpg\" alt=\"\" width=\"292\" height=\"122\" srcset=\"https:\/\/interamericancoffee.de\/wp-content\/uploads\/2024\/08\/logo-200x84.jpg 200w, https:\/\/interamericancoffee.de\/wp-content\/uploads\/2024\/08\/logo.jpg 292w\" sizes=\"(max-width: 292px) 100vw, 292px\" \/><\/p>\n","protected":false},"excerpt":{"rendered":"<p>Die CEPRO Yanesha Coffee Cooperative (CAC CEPRO Yanesha) wurde am 30. Januar 2016 gegr\u00fcndet, nachdem sie mehr als f\u00fcnf Jahre lang als Vereinigung zweiten Grades gearbeitet hatte. Ihre 150 Mitglieder stammen aus sieben Yanesha-D\u00f6rfern in der Provinz Oxapampa im zentralen Dschungel von Peru. Die Kooperative hat 141 Kaffeepartner, darunter 98 <a href=\"https:\/\/interamericancoffee.de\/de\/peru-cepro-yanesha\/\"> \u00a0read more<\/a><\/p>\n","protected":false},"author":4,"featured_media":18013,"comment_status":"closed","ping_status":"closed","sticky":false,"template":"","format":"standard","meta":{"_acf_changed":false,"footnotes":""},"categories":[69],"tags":[],"class_list":["post-19715","post","type-post","status-publish","format-standard","has-post-thumbnail","hentry","category-peru-de"],"acf":[],"_links":{"self":[{"href":"https:\/\/interamericancoffee.de\/de\/wp-json\/wp\/v2\/posts\/19715","targetHints":{"allow":["GET"]}}],"collection":[{"href":"https:\/\/interamericancoffee.de\/de\/wp-json\/wp\/v2\/posts"}],"about":[{"href":"https:\/\/interamericancoffee.de\/de\/wp-json\/wp\/v2\/types\/post"}],"author":[{"embeddable":true,"href":"https:\/\/interamericancoffee.de\/de\/wp-json\/wp\/v2\/users\/4"}],"replies":[{"embeddable":true,"href":"https:\/\/interamericancoffee.de\/de\/wp-json\/wp\/v2\/comments?post=19715"}],"version-history":[{"count":1,"href":"https:\/\/interamericancoffee.de\/de\/wp-json\/wp\/v2\/posts\/19715\/revisions"}],"predecessor-version":[{"id":20138,"href":"https:\/\/interamericancoffee.de\/de\/wp-json\/wp\/v2\/posts\/19715\/revisions\/20138"}],"wp:featuredmedia":[{"embeddable":true,"href":"https:\/\/interamericancoffee.de\/de\/wp-json\/wp\/v2\/media\/18013"}],"wp:attachment":[{"href":"https:\/\/interamericancoffee.de\/de\/wp-json\/wp\/v2\/media?parent=19715"}],"wp:term":[{"taxonomy":"category","embeddable":true,"href":"https:\/\/interamericancoffee.de\/de\/wp-json\/wp\/v2\/categories?post=19715"},{"taxonomy":"post_tag","embeddable":true,"href":"https:\/\/interamericancoffee.de\/de\/wp-json\/wp\/v2\/tags?post=19715"}],"curies":[{"name":"wp","href":"https:\/\/api.w.org\/{rel}","templated":true}]}}