{"id":21736,"date":"2026-09-02T11:15:53","date_gmt":"2026-09-02T09:15:53","guid":{"rendered":"https:\/\/interamericancoffee.de\/?p=21736"},"modified":"2026-09-02T11:19:34","modified_gmt":"2026-09-02T09:19:34","slug":"brasilien-fazenda-bom-sucesso","status":"publish","type":"post","link":"https:\/\/interamericancoffee.de\/de\/brasilien-fazenda-bom-sucesso\/","title":{"rendered":"Brasilien &#8211; Fazenda Bom Sucesso"},"content":{"rendered":"<p>Die Fam\u00edlia Paix\u00e3o ist eine Kaffeefamilie in dritter Generation aus Manhua\u00e7u, Minas Gerais, und baut Kaffee auf 850\u20131.100 m \u00fc. M. an. Angebaut werden Catuca\u00ed 785\/15, Catua\u00ed und Mundo Novo, die Ernte findet im Juni und Juli statt.<\/p>\n<p>Im Jahr 2025 vollzog die Familie den wichtigen Schritt von der traditionellen Mengenproduktion hin zu Spezialit\u00e4tenkaffee und baute eine eigene Nassaufbereitungsanlage. Dadurch konnte sie sich st\u00e4rker auf Qualit\u00e4t und R\u00fcckverfolgbarkeit konzentrieren. Ihre Arbeit wurde bei mehreren Wettbewerben ausgezeichnet, darunter der Cup of Excellence, bei dem die Familie 2017 Finalist war und ein Lot nach Shanghai verkauft wurde.<\/p>\n<p>Heute verbindet die Fazenda Cachoeira Alta langj\u00e4hrige Erfahrung mit einem starken Fokus auf Spezialit\u00e4tenkaffee. Luiz Paix\u00e3o, der Sohn von Alexander, f\u00fchrt die Familientradition weiter und engagiert sich bereits aktiv im Qualit\u00e4tsbereich.<\/p>\n","protected":false},"excerpt":{"rendered":"<p>Die Fam\u00edlia Paix\u00e3o ist eine Kaffeefamilie in dritter Generation aus Manhua\u00e7u, Minas Gerais, und baut Kaffee auf 850\u20131.100 m \u00fc. M. an. Angebaut werden Catuca\u00ed 785\/15, Catua\u00ed und Mundo Novo, die Ernte findet im Juni und Juli statt. Im Jahr 2025 vollzog die Familie den wichtigen Schritt von der traditionellen <a href=\"https:\/\/interamericancoffee.de\/de\/brasilien-fazenda-bom-sucesso\/\"> \u00a0read more<\/a><\/p>\n","protected":false},"author":4,"featured_media":21760,"comment_status":"closed","ping_status":"closed","sticky":false,"template":"","format":"standard","meta":{"_acf_changed":false,"footnotes":""},"categories":[63],"tags":[],"class_list":["post-21736","post","type-post","status-publish","format-standard","has-post-thumbnail","hentry","category-brasilien"],"acf":[],"_links":{"self":[{"href":"https:\/\/interamericancoffee.de\/de\/wp-json\/wp\/v2\/posts\/21736","targetHints":{"allow":["GET"]}}],"collection":[{"href":"https:\/\/interamericancoffee.de\/de\/wp-json\/wp\/v2\/posts"}],"about":[{"href":"https:\/\/interamericancoffee.de\/de\/wp-json\/wp\/v2\/types\/post"}],"author":[{"embeddable":true,"href":"https:\/\/interamericancoffee.de\/de\/wp-json\/wp\/v2\/users\/4"}],"replies":[{"embeddable":true,"href":"https:\/\/interamericancoffee.de\/de\/wp-json\/wp\/v2\/comments?post=21736"}],"version-history":[{"count":3,"href":"https:\/\/interamericancoffee.de\/de\/wp-json\/wp\/v2\/posts\/21736\/revisions"}],"predecessor-version":[{"id":21780,"href":"https:\/\/interamericancoffee.de\/de\/wp-json\/wp\/v2\/posts\/21736\/revisions\/21780"}],"wp:featuredmedia":[{"embeddable":true,"href":"https:\/\/interamericancoffee.de\/de\/wp-json\/wp\/v2\/media\/21760"}],"wp:attachment":[{"href":"https:\/\/interamericancoffee.de\/de\/wp-json\/wp\/v2\/media?parent=21736"}],"wp:term":[{"taxonomy":"category","embeddable":true,"href":"https:\/\/interamericancoffee.de\/de\/wp-json\/wp\/v2\/categories?post=21736"},{"taxonomy":"post_tag","embeddable":true,"href":"https:\/\/interamericancoffee.de\/de\/wp-json\/wp\/v2\/tags?post=21736"}],"curies":[{"name":"wp","href":"https:\/\/api.w.org\/{rel}","templated":true}]}}