{"id":21782,"date":"2026-09-02T11:30:48","date_gmt":"2026-09-02T09:30:48","guid":{"rendered":"https:\/\/interamericancoffee.de\/?p=21782"},"modified":"2026-09-02T11:44:36","modified_gmt":"2026-09-02T09:44:36","slug":"brasilien-fazenda-campestre","status":"publish","type":"post","link":"https:\/\/interamericancoffee.de\/de\/brasilien-fazenda-campestre\/","title":{"rendered":"Brasilien &#8211; Fazenda Campestre"},"content":{"rendered":"<p>Die Fazenda Campestre blickt auf eine Geschichte zur\u00fcck, die bis ins Jahr 1958 reicht und von harter Arbeit, Familientradition und einer tiefen Verbundenheit mit dem Land gepr\u00e4gt ist. Was mit 20 Hektar, davon nur 2 Hektar Kaffeeanbau, begann, hat sich \u00fcber drei Generationen zu einem 300 Hektar gro\u00dfen Betrieb mit Kaffee-, Milch- und K\u00e4seproduktion entwickelt.<\/p>\n<p>Heute f\u00fchren No\u00eamia und Naiara die Familientradition weiter und verbinden die Erfahrung vergangener Generationen mit modernem Management, Nachhaltigkeit und einem hohen Qualit\u00e4tsanspruch. Der Betrieb setzt auf regenerative Landwirtschaft und verf\u00fcgt \u00fcber mehr als 10 gesch\u00fctzte Quellen. Mit einer durchschnittlichen Jahresproduktion von 5.000 Sack Kaffee vereint Fazenda Campestre Tradition, Innovation und einen respektvollen Umgang mit der Natur.<\/p>\n","protected":false},"excerpt":{"rendered":"<p>Die Fazenda Campestre blickt auf eine Geschichte zur\u00fcck, die bis ins Jahr 1958 reicht und von harter Arbeit, Familientradition und einer tiefen Verbundenheit mit dem Land gepr\u00e4gt ist. Was mit 20 Hektar, davon nur 2 Hektar Kaffeeanbau, begann, hat sich \u00fcber drei Generationen zu einem 300 Hektar gro\u00dfen Betrieb mit <a href=\"https:\/\/interamericancoffee.de\/de\/brasilien-fazenda-campestre\/\"> \u00a0read more<\/a><\/p>\n","protected":false},"author":4,"featured_media":21784,"comment_status":"closed","ping_status":"closed","sticky":false,"template":"","format":"standard","meta":{"_acf_changed":false,"footnotes":""},"categories":[63],"tags":[],"class_list":["post-21782","post","type-post","status-publish","format-standard","has-post-thumbnail","hentry","category-brasilien"],"acf":[],"_links":{"self":[{"href":"https:\/\/interamericancoffee.de\/de\/wp-json\/wp\/v2\/posts\/21782","targetHints":{"allow":["GET"]}}],"collection":[{"href":"https:\/\/interamericancoffee.de\/de\/wp-json\/wp\/v2\/posts"}],"about":[{"href":"https:\/\/interamericancoffee.de\/de\/wp-json\/wp\/v2\/types\/post"}],"author":[{"embeddable":true,"href":"https:\/\/interamericancoffee.de\/de\/wp-json\/wp\/v2\/users\/4"}],"replies":[{"embeddable":true,"href":"https:\/\/interamericancoffee.de\/de\/wp-json\/wp\/v2\/comments?post=21782"}],"version-history":[{"count":5,"href":"https:\/\/interamericancoffee.de\/de\/wp-json\/wp\/v2\/posts\/21782\/revisions"}],"predecessor-version":[{"id":21794,"href":"https:\/\/interamericancoffee.de\/de\/wp-json\/wp\/v2\/posts\/21782\/revisions\/21794"}],"wp:featuredmedia":[{"embeddable":true,"href":"https:\/\/interamericancoffee.de\/de\/wp-json\/wp\/v2\/media\/21784"}],"wp:attachment":[{"href":"https:\/\/interamericancoffee.de\/de\/wp-json\/wp\/v2\/media?parent=21782"}],"wp:term":[{"taxonomy":"category","embeddable":true,"href":"https:\/\/interamericancoffee.de\/de\/wp-json\/wp\/v2\/categories?post=21782"},{"taxonomy":"post_tag","embeddable":true,"href":"https:\/\/interamericancoffee.de\/de\/wp-json\/wp\/v2\/tags?post=21782"}],"curies":[{"name":"wp","href":"https:\/\/api.w.org\/{rel}","templated":true}]}}