{"id":21839,"date":"2026-09-02T12:29:19","date_gmt":"2026-09-02T10:29:19","guid":{"rendered":"https:\/\/interamericancoffee.de\/?p=21839"},"modified":"2026-09-02T12:32:03","modified_gmt":"2026-09-02T10:32:03","slug":"guatemala-finca-conception-candelaria","status":"publish","type":"post","link":"https:\/\/interamericancoffee.de\/de\/guatemala-finca-conception-candelaria\/","title":{"rendered":"Guatemala &#8211; Finca Conception Candelaria"},"content":{"rendered":"<p>Concepci\u00f3n Candelaria befindet sich im Departamento San Marcos, in der Gemeinde La Reforma. Das Unternehmen ist seit 1977 ein Familienbetrieb und wird heute von der dritten Generation gef\u00fchrt.<\/p>\n<p>Die Finca umfasst 476,19 Hektar, auf denen Robusta- und Arabica-Kaffee angebaut werden. Charakteristisch f\u00fcr die Finca sind die vulkanischen B\u00f6den mit lehmig-toniger Struktur.<\/p>\n","protected":false},"excerpt":{"rendered":"<p>Concepci\u00f3n Candelaria befindet sich im Departamento San Marcos, in der Gemeinde La Reforma. Das Unternehmen ist seit 1977 ein Familienbetrieb und wird heute von der dritten Generation gef\u00fchrt. Die Finca umfasst 476,19 Hektar, auf denen Robusta- und Arabica-Kaffee angebaut werden. Charakteristisch f\u00fcr die Finca sind die vulkanischen B\u00f6den mit lehmig-toniger <a href=\"https:\/\/interamericancoffee.de\/de\/guatemala-finca-conception-candelaria\/\"> \u00a0read more<\/a><\/p>\n","protected":false},"author":4,"featured_media":21841,"comment_status":"closed","ping_status":"closed","sticky":false,"template":"","format":"standard","meta":{"_acf_changed":false,"footnotes":""},"categories":[59,71],"tags":[],"class_list":["post-21839","post","type-post","status-publish","format-standard","has-post-thumbnail","hentry","category-guatemala-de","category-robusta-de"],"acf":[],"_links":{"self":[{"href":"https:\/\/interamericancoffee.de\/de\/wp-json\/wp\/v2\/posts\/21839","targetHints":{"allow":["GET"]}}],"collection":[{"href":"https:\/\/interamericancoffee.de\/de\/wp-json\/wp\/v2\/posts"}],"about":[{"href":"https:\/\/interamericancoffee.de\/de\/wp-json\/wp\/v2\/types\/post"}],"author":[{"embeddable":true,"href":"https:\/\/interamericancoffee.de\/de\/wp-json\/wp\/v2\/users\/4"}],"replies":[{"embeddable":true,"href":"https:\/\/interamericancoffee.de\/de\/wp-json\/wp\/v2\/comments?post=21839"}],"version-history":[{"count":3,"href":"https:\/\/interamericancoffee.de\/de\/wp-json\/wp\/v2\/posts\/21839\/revisions"}],"predecessor-version":[{"id":21863,"href":"https:\/\/interamericancoffee.de\/de\/wp-json\/wp\/v2\/posts\/21839\/revisions\/21863"}],"wp:featuredmedia":[{"embeddable":true,"href":"https:\/\/interamericancoffee.de\/de\/wp-json\/wp\/v2\/media\/21841"}],"wp:attachment":[{"href":"https:\/\/interamericancoffee.de\/de\/wp-json\/wp\/v2\/media?parent=21839"}],"wp:term":[{"taxonomy":"category","embeddable":true,"href":"https:\/\/interamericancoffee.de\/de\/wp-json\/wp\/v2\/categories?post=21839"},{"taxonomy":"post_tag","embeddable":true,"href":"https:\/\/interamericancoffee.de\/de\/wp-json\/wp\/v2\/tags?post=21839"}],"curies":[{"name":"wp","href":"https:\/\/api.w.org\/{rel}","templated":true}]}}