{"id":21890,"date":"2026-09-03T11:57:58","date_gmt":"2026-09-03T09:57:58","guid":{"rendered":"https:\/\/interamericancoffee.de\/?p=21890"},"modified":"2026-09-03T12:00:26","modified_gmt":"2026-09-03T10:00:26","slug":"brasilien-fazenda-campestre-2","status":"publish","type":"post","link":"https:\/\/interamericancoffee.de\/de\/brasilien-fazenda-campestre-2\/","title":{"rendered":"Brasilien &#8211; Fazenda Campestre"},"content":{"rendered":"<p>Die Recreio Farm ist eine historische brasilianische Kaffeefarm, die seit 1890 von der Familie Dias in der f\u00fcnften Generation gef\u00fchrt wird. Unter der Leitung von Diogo Dias wurde die Farm international f\u00fcr ihren hochwertigen und mehrfach ausgezeichneten Spezialit\u00e4tenkaffee bekannt.<\/p>\n<p>Die Farm verbindet traditionelles Wissen mit moderner Technologie und profitiert von idealen Bedingungen auf 1.000\u20131.300 Metern H\u00f6he, fruchtbaren B\u00f6den und einem milden Klima. Gleichzeitig legt Recreio gro\u00dfen Wert auf Nachhaltigkeit, Umweltschutz und das Wohl der Mitarbeiter.<\/p>\n<p>Jede Kaffeecharge wird sorgf\u00e4ltig verarbeitet und vom Anbau bis zum Versand vollst\u00e4ndig r\u00fcckverfolgbar gehalten.<\/p>\n<p>\u201eRespektiere die Vergangenheit und gestalte die Zukunft. Denn Tradition war eines Tages auch eine Innovation.\u201c \u2013 Diogo Dias<\/p>\n","protected":false},"excerpt":{"rendered":"<p>Die Recreio Farm ist eine historische brasilianische Kaffeefarm, die seit 1890 von der Familie Dias in der f\u00fcnften Generation gef\u00fchrt wird. Unter der Leitung von Diogo Dias wurde die Farm international f\u00fcr ihren hochwertigen und mehrfach ausgezeichneten Spezialit\u00e4tenkaffee bekannt. Die Farm verbindet traditionelles Wissen mit moderner Technologie und profitiert von <a href=\"https:\/\/interamericancoffee.de\/de\/brasilien-fazenda-campestre-2\/\"> \u00a0read more<\/a><\/p>\n","protected":false},"author":4,"featured_media":21906,"comment_status":"closed","ping_status":"closed","sticky":false,"template":"","format":"standard","meta":{"_acf_changed":false,"footnotes":""},"categories":[63],"tags":[],"class_list":["post-21890","post","type-post","status-publish","format-standard","has-post-thumbnail","hentry","category-brasilien"],"acf":[],"_links":{"self":[{"href":"https:\/\/interamericancoffee.de\/de\/wp-json\/wp\/v2\/posts\/21890","targetHints":{"allow":["GET"]}}],"collection":[{"href":"https:\/\/interamericancoffee.de\/de\/wp-json\/wp\/v2\/posts"}],"about":[{"href":"https:\/\/interamericancoffee.de\/de\/wp-json\/wp\/v2\/types\/post"}],"author":[{"embeddable":true,"href":"https:\/\/interamericancoffee.de\/de\/wp-json\/wp\/v2\/users\/4"}],"replies":[{"embeddable":true,"href":"https:\/\/interamericancoffee.de\/de\/wp-json\/wp\/v2\/comments?post=21890"}],"version-history":[{"count":3,"href":"https:\/\/interamericancoffee.de\/de\/wp-json\/wp\/v2\/posts\/21890\/revisions"}],"predecessor-version":[{"id":21946,"href":"https:\/\/interamericancoffee.de\/de\/wp-json\/wp\/v2\/posts\/21890\/revisions\/21946"}],"wp:featuredmedia":[{"embeddable":true,"href":"https:\/\/interamericancoffee.de\/de\/wp-json\/wp\/v2\/media\/21906"}],"wp:attachment":[{"href":"https:\/\/interamericancoffee.de\/de\/wp-json\/wp\/v2\/media?parent=21890"}],"wp:term":[{"taxonomy":"category","embeddable":true,"href":"https:\/\/interamericancoffee.de\/de\/wp-json\/wp\/v2\/categories?post=21890"},{"taxonomy":"post_tag","embeddable":true,"href":"https:\/\/interamericancoffee.de\/de\/wp-json\/wp\/v2\/tags?post=21890"}],"curies":[{"name":"wp","href":"https:\/\/api.w.org\/{rel}","templated":true}]}}